{"id":5704,"date":"2023-06-27T09:02:01","date_gmt":"2023-06-27T09:02:01","guid":{"rendered":"https:\/\/fpintensivaib.com\/se-acaba-el-curso-pero-no-el-trabajo\/"},"modified":"2023-07-27T06:43:23","modified_gmt":"2023-07-27T06:43:23","slug":"se-acaba-el-curso-pero-no-el-trabajo","status":"publish","type":"post","link":"https:\/\/fpintensivaib.com\/es\/se-acaba-el-curso-pero-no-el-trabajo\/","title":{"rendered":"Se acaba el curso, pero no el trabajo"},"content":{"rendered":"<p>El IES Ses Estaciones celebr\u00f3 el acto acad\u00e9mico de graduaci\u00f3n de la promoci\u00f3n 2023 de los estudios de formaci\u00f3n profesional con una muy buena noticia:el 100% del alumnado del Grado Superior en Administraci\u00f3n y Finanzas del IES Ses Estaciones contin\u00faa trabajando al finalizar sus estudios.<strong> <\/strong> <\/p>\n<p>El patio del <a href=\"http:\/\/www.iessesestacions.es\/\">IES Ses Estaciones<\/a> (Palma) acogi\u00f3 el pasado 22 de junio de 2023 el acto acad\u00e9mico de graduaci\u00f3n de casi 90 estudiantes de formaci\u00f3n profesional de la promoci\u00f3n 2023. El evento fue organizado por el alumnado y el equipo docente del segundo curso del Ciclo Formativo de Grado Superior en Asistencia a la Direcci\u00f3n.<\/p>\n<p>Al inicio del acto, Francesc G\u00e1lvez Capell\u00e0, director del IES Ses Estaciones, dio la bienvenida y la enhorabuena a los nuevos titulados, destacando que se trata de una historia de \u00e9xito compartido entre el alumnado, el profesorado y las empresas colaboradoras. En este marco de colaboraci\u00f3n el alumnado tiene la oportunidad de formarse a lo largo de toda la vida.<\/p>\n<p>Precisamente el acto cont\u00f3 con la presencia de 16 representantes de las empresas colaboradoras durante el curso 2022-2023. Entre ells, Iv\u00e1n Linares Flores, exalumne del centre i actual CEO de ILF Administraciones, qui, a banda de transmetre l\u2019enhorabona a les<br \/>\ngraduadas y graduados, les alent\u00f3 a desarrollar su esp\u00edritu emprendedor. \u00abEmprender implica consolidar el aprendizaje y responsabilizarse de un equipo de trabajo\u00bb, le dijo al alumnado presente, entre los que hab\u00eda tres estudiantes que este a\u00f1o han<br \/>\ndesarrollado las pr\u00e1cticas formativas en su empresa.<\/p>\n<p>Seguidamente, tuvo lugar la graduaci\u00f3n del alumnado de la promoci\u00f3n 2023 de los estudios de formaci\u00f3n profesional, entre ellos, los ciclos formativos en modalidad dual intensiva que ofrece el centro: el <a href=\"https:\/\/fpintensivaib.com\/titulacions-empreses\/gestio-administrativa\/\">Ciclo Formativo de Grado Medio en Gesti\u00f3n Administrativa<\/a> y el <a href=\"https:\/\/fpintensivaib.com\/titulacions-empreses\/administracio-i-finances\/\">Ciclo Formativo de Grado Superior en Administraci\u00f3n y Finanzas<\/a>.<\/p>\n<p>Seg\u00fan reconoce el centro, el <strong>FP dual-intensiva se ha consolidado como una modalidad con alta demanda y garant\u00eda de una inserci\u00f3n laboral m\u00e1s eficaz<\/strong>. Se implant\u00f3 en el centro hace poco m\u00e1s de 10 a\u00f1os y a lo largo de los \u00faltimos cursos el n\u00famero de alumnado que solicita el programa, supera el n\u00famero m\u00e1ximo de plazas establecidas. El atractivo de esta modalidad es la combinaci\u00f3n de la formaci\u00f3n acad\u00e9mica con la pr\u00e1ctica laboral remunerada, a trav\u00e9s de un contrato de formaci\u00f3n en alternancia. El v\u00ednculo estrat\u00e9gico con las entidades del entorno favorece la corresponsabilidad en el desarrollo de las competencias personales y profesionales y se convierte en un acercamiento del sistema educativo al tejido empresarial de la isla. Para alcanzar este objetivo compartido es clave el tiempo y el compromiso de las empresas como eje indispensable en la<br \/>\nprofesionalizaci\u00f3n del mercado laboral. En el curso 2022-2023, el IES Ses Estaciones ha contado con un total de 77 empresas colaboradoras.<\/p>\n<p>La C\u00e1mara de Comercio de Mallorca participa en la FP dual-intensiva con el objetivo de fortalecer la calidad y la extensi\u00f3n de esta modalidad educativa mediante la promoci\u00f3n, el asesoramiento y el apoyo a las empresas participantes.<\/p>\n<p>Como novedad de este curso, el IES Ses Estaciones ha pasado a formar parte de FPEmpresa, con la finalidad de impulsar y fomentar la formaci\u00f3n profesional a trav\u00e9s del intercambio de experiencias y buenas pr\u00e1cticas compartidas. FPEmpresa es una asociaci\u00f3n abierta a todos los centros que imparten formaci\u00f3n profesional, tanto de car\u00e1cter p\u00fablico, concertado o privado.<\/p>\n","protected":false},"excerpt":{"rendered":"<p>El IES Ses Estaciones celebr\u00f3 el acto acad\u00e9mico de graduaci\u00f3n de la promoci\u00f3n 2023 de los estudios de formaci\u00f3n profesional con una muy buena noticia:el 100% del alumnado del Grado Superior en Administraci\u00f3n y Finanzas del IES Ses Estaciones contin\u00faa trabajando al finalizar sus estudios. El patio del IES Ses Estaciones (Palma) acogi\u00f3 el pasado &hellip;<\/p>\n<p class=\"read-more\"> <a class=\"\" href=\"https:\/\/fpintensivaib.com\/es\/se-acaba-el-curso-pero-no-el-trabajo\/\"> <span class=\"screen-reader-text\">Se acaba el curso, pero no el trabajo<\/span> Leer m\u00e1s \u00bb<\/a><\/p>\n<div class='heateorSssClear'><\/div><div  class='heateor_sss_sharing_container heateor_sss_horizontal_sharing' data-heateor-sss-href='https:\/\/fpintensivaib.com\/es\/se-acaba-el-curso-pero-no-el-trabajo\/'><div class='heateor_sss_sharing_title' style=\"font-weight:bold\" ><\/div><div class=\"heateor_sss_sharing_ul\"><a aria-label=\"Facebook\" class=\"heateor_sss_facebook\" href=\"https:\/\/www.facebook.com\/sharer\/sharer.php?u=https%3A%2F%2Ffpintensivaib.com%2Fes%2Fse-acaba-el-curso-pero-no-el-trabajo%2F\" title=\"Facebook\" rel=\"nofollow noopener\" target=\"_blank\" style=\"font-size:32px!important;box-shadow:none;display:inline-block;vertical-align:middle\"><span class=\"heateor_sss_svg\" style=\"background-color:#0765FE;width:35px;height:35px;border-radius:999px;display:inline-block;opacity:1;float:left;font-size:32px;box-shadow:none;display:inline-block;font-size:16px;padding:0 4px;vertical-align:middle;background-repeat:repeat;overflow:hidden;padding:0;cursor:pointer;box-sizing:content-box\"><svg style=\"display:block;border-radius:999px;\" focusable=\"false\" aria-hidden=\"true\" xmlns=\"http:\/\/www.w3.org\/2000\/svg\" width=\"100%\" height=\"100%\" viewBox=\"0 0 32 32\"><path fill=\"#fff\" d=\"M28 16c0-6.627-5.373-12-12-12S4 9.373 4 16c0 5.628 3.875 10.35 9.101 11.647v-7.98h-2.474V16H13.1v-1.58c0-4.085 1.849-5.978 5.859-5.978.76 0 2.072.15 2.608.298v3.325c-.283-.03-.775-.045-1.386-.045-1.967 0-2.728.745-2.728 2.683V16h3.92l-.673 3.667h-3.247v8.245C23.395 27.195 28 22.135 28 16Z\"><\/path><\/svg><\/span><\/a><a aria-label=\"Twitter\" class=\"heateor_sss_button_twitter\" href=\"https:\/\/twitter.com\/intent\/tweet?text=Se%20acaba%20el%20curso%2C%20pero%20no%20el%20trabajo&url=https%3A%2F%2Ffpintensivaib.com%2Fes%2Fse-acaba-el-curso-pero-no-el-trabajo%2F\" title=\"Twitter\" rel=\"nofollow noopener\" target=\"_blank\" style=\"font-size:32px!important;box-shadow:none;display:inline-block;vertical-align:middle\"><span class=\"heateor_sss_svg heateor_sss_s__default heateor_sss_s_twitter\" style=\"background-color:#55acee;width:35px;height:35px;border-radius:999px;display:inline-block;opacity:1;float:left;font-size:32px;box-shadow:none;display:inline-block;font-size:16px;padding:0 4px;vertical-align:middle;background-repeat:repeat;overflow:hidden;padding:0;cursor:pointer;box-sizing:content-box\"><svg style=\"display:block;border-radius:999px;\" focusable=\"false\" aria-hidden=\"true\" xmlns=\"http:\/\/www.w3.org\/2000\/svg\" width=\"100%\" height=\"100%\" viewBox=\"-4 -4 39 39\"><path d=\"M28 8.557a9.913 9.913 0 0 1-2.828.775 4.93 4.93 0 0 0 2.166-2.725 9.738 9.738 0 0 1-3.13 1.194 4.92 4.92 0 0 0-3.593-1.55 4.924 4.924 0 0 0-4.794 6.049c-4.09-.21-7.72-2.17-10.15-5.15a4.942 4.942 0 0 0-.665 2.477c0 1.71.87 3.214 2.19 4.1a4.968 4.968 0 0 1-2.23-.616v.06c0 2.39 1.7 4.38 3.952 4.83-.414.115-.85.174-1.297.174-.318 0-.626-.03-.928-.086a4.935 4.935 0 0 0 4.6 3.42 9.893 9.893 0 0 1-6.114 2.107c-.398 0-.79-.023-1.175-.068a13.953 13.953 0 0 0 7.55 2.213c9.056 0 14.01-7.507 14.01-14.013 0-.213-.005-.426-.015-.637.96-.695 1.795-1.56 2.455-2.55z\" fill=\"#fff\"><\/path><\/svg><\/span><\/a><a aria-label=\"Linkedin\" class=\"heateor_sss_button_linkedin\" href=\"https:\/\/www.linkedin.com\/sharing\/share-offsite\/?url=https%3A%2F%2Ffpintensivaib.com%2Fes%2Fse-acaba-el-curso-pero-no-el-trabajo%2F\" title=\"Linkedin\" rel=\"nofollow noopener\" target=\"_blank\" style=\"font-size:32px!important;box-shadow:none;display:inline-block;vertical-align:middle\"><span class=\"heateor_sss_svg heateor_sss_s__default heateor_sss_s_linkedin\" style=\"background-color:#0077b5;width:35px;height:35px;border-radius:999px;display:inline-block;opacity:1;float:left;font-size:32px;box-shadow:none;display:inline-block;font-size:16px;padding:0 4px;vertical-align:middle;background-repeat:repeat;overflow:hidden;padding:0;cursor:pointer;box-sizing:content-box\"><svg style=\"display:block;border-radius:999px;\" focusable=\"false\" aria-hidden=\"true\" xmlns=\"http:\/\/www.w3.org\/2000\/svg\" width=\"100%\" height=\"100%\" viewBox=\"0 0 32 32\"><path d=\"M6.227 12.61h4.19v13.48h-4.19V12.61zm2.095-6.7a2.43 2.43 0 0 1 0 4.86c-1.344 0-2.428-1.09-2.428-2.43s1.084-2.43 2.428-2.43m4.72 6.7h4.02v1.84h.058c.56-1.058 1.927-2.176 3.965-2.176 4.238 0 5.02 2.792 5.02 6.42v7.395h-4.183v-6.56c0-1.564-.03-3.574-2.178-3.574-2.18 0-2.514 1.7-2.514 3.46v6.668h-4.187V12.61z\" fill=\"#fff\"><\/path><\/svg><\/span><\/a><a aria-label=\"Whatsapp\" class=\"heateor_sss_whatsapp\" href=\"https:\/\/api.whatsapp.com\/send?text=Se%20acaba%20el%20curso%2C%20pero%20no%20el%20trabajo%20https%3A%2F%2Ffpintensivaib.com%2Fes%2Fse-acaba-el-curso-pero-no-el-trabajo%2F\" title=\"Whatsapp\" rel=\"nofollow noopener\" target=\"_blank\" style=\"font-size:32px!important;box-shadow:none;display:inline-block;vertical-align:middle\"><span class=\"heateor_sss_svg\" style=\"background-color:#55eb4c;width:35px;height:35px;border-radius:999px;display:inline-block;opacity:1;float:left;font-size:32px;box-shadow:none;display:inline-block;font-size:16px;padding:0 4px;vertical-align:middle;background-repeat:repeat;overflow:hidden;padding:0;cursor:pointer;box-sizing:content-box\"><svg style=\"display:block;border-radius:999px;\" focusable=\"false\" aria-hidden=\"true\" xmlns=\"http:\/\/www.w3.org\/2000\/svg\" width=\"100%\" height=\"100%\" viewBox=\"-6 -5 40 40\"><path class=\"heateor_sss_svg_stroke heateor_sss_no_fill\" stroke=\"#fff\" stroke-width=\"2\" fill=\"none\" d=\"M 11.579798566743314 24.396926207859085 A 10 10 0 1 0 6.808479557110079 20.73576436351046\"><\/path><path d=\"M 7 19 l -1 6 l 6 -1\" class=\"heateor_sss_no_fill heateor_sss_svg_stroke\" stroke=\"#fff\" stroke-width=\"2\" fill=\"none\"><\/path><path d=\"M 10 10 q -1 8 8 11 c 5 -1 0 -6 -1 -3 q -4 -3 -5 -5 c 4 -2 -1 -5 -1 -4\" fill=\"#fff\"><\/path><\/svg><\/span><\/a><a aria-label=\"Email\" class=\"heateor_sss_email\" href=\"https:\/\/fpintensivaib.com\/es\/se-acaba-el-curso-pero-no-el-trabajo\/\" onclick=\"event.preventDefault();window.open('mailto:?subject=' + decodeURIComponent('Se%20acaba%20el%20curso%2C%20pero%20no%20el%20trabajo').replace('&', '%26') + '&body=https%3A%2F%2Ffpintensivaib.com%2Fes%2Fse-acaba-el-curso-pero-no-el-trabajo%2F', '_blank')\" title=\"Email\" rel=\"noopener\" style=\"font-size:32px!important;box-shadow:none;display:inline-block;vertical-align:middle\"><span class=\"heateor_sss_svg\" style=\"background-color:#649a3f;width:35px;height:35px;border-radius:999px;display:inline-block;opacity:1;float:left;font-size:32px;box-shadow:none;display:inline-block;font-size:16px;padding:0 4px;vertical-align:middle;background-repeat:repeat;overflow:hidden;padding:0;cursor:pointer;box-sizing:content-box\"><svg style=\"display:block;border-radius:999px;\" focusable=\"false\" aria-hidden=\"true\" xmlns=\"http:\/\/www.w3.org\/2000\/svg\" width=\"100%\" height=\"100%\" viewBox=\"-.75 -.5 36 36\"><path d=\"M 5.5 11 h 23 v 1 l -11 6 l -11 -6 v -1 m 0 2 l 11 6 l 11 -6 v 11 h -22 v -11\" stroke-width=\"1\" fill=\"#fff\"><\/path><\/svg><\/span><\/a><a class=\"heateor_sss_more\" aria-label=\"More\" title=\"More\" rel=\"nofollow noopener\" style=\"font-size: 32px!important;border:0;box-shadow:none;display:inline-block!important;font-size:16px;padding:0 4px;vertical-align: middle;display:inline;\" href=\"https:\/\/fpintensivaib.com\/es\/se-acaba-el-curso-pero-no-el-trabajo\/\" onclick=\"event.preventDefault()\"><span class=\"heateor_sss_svg\" style=\"background-color:#ee8e2d;width:35px;height:35px;border-radius:999px;display:inline-block!important;opacity:1;float:left;font-size:32px!important;box-shadow:none;display:inline-block;font-size:16px;padding:0 4px;vertical-align:middle;display:inline;background-repeat:repeat;overflow:hidden;padding:0;cursor:pointer;box-sizing:content-box;\" onclick=\"heateorSssMoreSharingPopup(this, 'https:\/\/fpintensivaib.com\/es\/se-acaba-el-curso-pero-no-el-trabajo\/', 'Se%20acaba%20el%20curso%2C%20pero%20no%20el%20trabajo', '' )\"><svg xmlns=\"http:\/\/www.w3.org\/2000\/svg\" xmlns:xlink=\"http:\/\/www.w3.org\/1999\/xlink\" viewBox=\"-.3 0 32 32\" version=\"1.1\" width=\"100%\" height=\"100%\" style=\"display:block;border-radius:999px;\" xml:space=\"preserve\"><g><path fill=\"#fff\" d=\"M18 14V8h-4v6H8v4h6v6h4v-6h6v-4h-6z\" fill-rule=\"evenodd\"><\/path><\/g><\/svg><\/span><\/a><\/div><div class=\"heateorSssClear\"><\/div><\/div><div class='heateorSssClear'><\/div>","protected":false},"author":6,"featured_media":5656,"comment_status":"closed","ping_status":"closed","sticky":false,"template":"","format":"standard","meta":[],"categories":[17],"tags":[],"_links":{"self":[{"href":"https:\/\/fpintensivaib.com\/es\/wp-json\/wp\/v2\/posts\/5704"}],"collection":[{"href":"https:\/\/fpintensivaib.com\/es\/wp-json\/wp\/v2\/posts"}],"about":[{"href":"https:\/\/fpintensivaib.com\/es\/wp-json\/wp\/v2\/types\/post"}],"author":[{"embeddable":true,"href":"https:\/\/fpintensivaib.com\/es\/wp-json\/wp\/v2\/users\/6"}],"replies":[{"embeddable":true,"href":"https:\/\/fpintensivaib.com\/es\/wp-json\/wp\/v2\/comments?post=5704"}],"version-history":[{"count":1,"href":"https:\/\/fpintensivaib.com\/es\/wp-json\/wp\/v2\/posts\/5704\/revisions"}],"predecessor-version":[{"id":5713,"href":"https:\/\/fpintensivaib.com\/es\/wp-json\/wp\/v2\/posts\/5704\/revisions\/5713"}],"wp:featuredmedia":[{"embeddable":true,"href":"https:\/\/fpintensivaib.com\/es\/wp-json\/wp\/v2\/media\/5656"}],"wp:attachment":[{"href":"https:\/\/fpintensivaib.com\/es\/wp-json\/wp\/v2\/media?parent=5704"}],"wp:term":[{"taxonomy":"category","embeddable":true,"href":"https:\/\/fpintensivaib.com\/es\/wp-json\/wp\/v2\/categories?post=5704"},{"taxonomy":"post_tag","embeddable":true,"href":"https:\/\/fpintensivaib.com\/es\/wp-json\/wp\/v2\/tags?post=5704"}],"curies":[{"name":"wp","href":"https:\/\/api.w.org\/{rel}","templated":true}]}}