{"id":6763,"date":"2025-04-25T07:12:34","date_gmt":"2025-04-25T07:12:34","guid":{"rendered":"https:\/\/fpintensivaib.com\/?p=6763"},"modified":"2025-04-25T07:56:30","modified_gmt":"2025-04-25T07:56:30","slug":"educacion-amplia-la-oferta-de-fp-para-el-proximo-curso-con-36-ciclos-y-2-nuevos-cursos-de-especializacion","status":"publish","type":"post","link":"https:\/\/fpintensivaib.com\/es\/educacion-amplia-la-oferta-de-fp-para-el-proximo-curso-con-36-ciclos-y-2-nuevos-cursos-de-especializacion\/","title":{"rendered":"Educaci\u00f3n ampl\u00eda la oferta de FP para el pr\u00f3ximo curso con 36 ciclos y 2 nuevos cursos de especializaci\u00f3n"},"content":{"rendered":"<p>Para el pr\u00f3ximo curso, se prev\u00e9 un incremento muy significativo de la oferta de FP, con 36 nuevos ciclos formativos y 2 cursos de especializaci\u00f3n. Adem\u00e1s, tambi\u00e9n se impartir\u00e1n 7 dobles titulaciones que podr\u00e1n completarse en tres cursos acad\u00e9micos. Este hecho supondr\u00e1 un total de 21.600 plazas disponibles, lo que representa un incremento del 8 % respecto al curso 2024-2025. Tambi\u00e9n se incrementar\u00e1 la plantilla con unos 70 docentes m\u00e1s, que se sumar\u00e1n a los 1.839 profesores de formaci\u00f3n profesional actuales.<\/p>\n<p>De los 36 nuevos ciclos formativos, 3 son de grado b\u00e1sico, 13 de grado medio y 20 de grado superior. Como novedad, cabe destacar que 7 son de nueva creaci\u00f3n y nunca se han impartido en las Illes Balears. Estos ciclos son:<\/p>\n<ul>\n<li>Los dos ciclos que se ofrecer\u00e1n en el IES Guillem Sagrera: el Ciclo Formativo de Grado Medio de Seguridad y el Ciclo Formativo de Grado Superior de Prevenci\u00f3n de Riesgos Profesionales, ambos de la familia profesional de seguridad y medio ambiente.<\/li>\n<li>El Doble Grado Medio en Confecci\u00f3n y Moda con el de Calzado y Complementos de Moda, de la familia de textil, confecci\u00f3n y piel, en la Escuela de Arte de Mallorca y el Grado Medio en Confecci\u00f3n y Moda en la Escuela de Arte de Eivissa.<\/li>\n<li>El Doble Grado Superior en Mantenimiento Aeromec\u00e1nico de Aviones con Motor de Turbina con el de Mantenimiento de Sistemas Electr\u00f3nicos y Avi\u00f3nicos de Aeronaves, de la familia de transporte y mantenimiento de veh\u00edculos en el IES Son Pacs. Las Illes Balears son la \u00fanica comunidad aut\u00f3noma que ofrece esta doble titulaci\u00f3n.<\/li>\n<li>El doble ciclo formativo de Grado Medio en Jardiner\u00eda y Florister\u00eda y el de Producci\u00f3n Agroecol\u00f3gica, de la familia de Agraria, que se impartir\u00e1 en el IES Felanitx.<\/li>\n<li>El Ciclo Formativo de Grado B\u00e1sico en Actividades de Panader\u00eda y Pasteler\u00eda, de la familia de industrias alimentarias, que se impartir\u00e1 en el IES Josep Sureda i Blanes.<\/li>\n<li>El Ciclo Formativo de Grado Superior en Electromedicina Cl\u00ednica, de la familia profesional de electricidad y electr\u00f3nica, que se ofrecer\u00e1 en r\u00e9gimen concertado.<\/li>\n<\/ul>\n<p>Los 7 dobles grados a completar en tres cursos acad\u00e9micos corresponden a:<\/p>\n<ul>\n<li>El Doble Grado Medio en Instalaciones de Producci\u00f3n de Calor con el de T\u00e9cnico en Instalaciones Frigor\u00edficas y de Climatizaci\u00f3n, de la familia de Instalaci\u00f3n y Mantenimiento, que se impartir\u00e1 en el IES Josep Maria Quadrado de Ciutadella.<\/li>\n<li>El Doble Grado Superior en Asistencia a la Direcci\u00f3n con el de Administraci\u00f3n y Finanzas, de la familia profesional de administraci\u00f3n y gesti\u00f3n, as\u00ed como el Doble Grado Superior en Producci\u00f3n de Audiovisuales y Espect\u00e1culos con el de Realizaci\u00f3n de Proyectos de Audiovisuales y Espect\u00e1culos, de la familia de imagen y sonido, ambos en el CIFP Jun\u00edper Serra.<\/li>\n<li>El Doble Grado Superior de Administraci\u00f3n y Finanzas con el de Asistencia a la Direcci\u00f3n, de la familia profesional de administraci\u00f3n y gesti\u00f3n, que se llevar\u00e1 a cabo en el IES Guillem Sagrera.<\/li>\n<li>El Doble Grado Medio en Confecci\u00f3n y Moda con el de Calzado y Complementos de Moda, de la familia de textil, confecci\u00f3n y piel, en la Escuela de Arte de Mallorca.<\/li>\n<li>El doble ciclo formativo de Grado Medio en Jardiner\u00eda y Florister\u00eda y el de Producci\u00f3n Agroecol\u00f3gica, de la familia de Agraria, que se impartir\u00e1 en el IES Felanitx.<\/li>\n<li>El Doble Grado Superior en Mantenimiento Aeromec\u00e1nico de Aviones con motor de turbina con el de Mantenimiento de Sistemas Electr\u00f3nicos y Avi\u00f3nicos de Aeronaves, de la familia de transporte y mantenimiento de veh\u00edculos, en el IES Son Pacs.<\/li>\n<\/ul>\n<h4><strong>Distribuci\u00f3n por islas<\/strong><\/h4>\n<p>En Mallorca se ofrecer\u00e1n 29 nuevos ciclos, 3 de ellos de grado b\u00e1sico, 11 de grado medio y 15 de grado superior.<\/p>\n<p>En Menorca se incorpora el Doble Grado Medio de Instalaciones Frigor\u00edficas y de Climatizaci\u00f3n con el de Instalaciones de Producci\u00f3n de Calor en el IES Josep Maria Quadrado de Ciutadella.<\/p>\n<p>En Eivissa se implantan 4 estudios de grado superior. Dos de ellos pertenecen a la familia de actividades f\u00edsicas y deportivas y los otros dos a la familia de hosteler\u00eda y turismo. Estos ciclos formativos de grado superior son el Grado Superior en Acondicionamiento F\u00edsico, que se impartir\u00e1 en el IES Bal\u00e0fia y en el IES Algarb, y el Grado Superior en Gesti\u00f3n de Alojamientos Tur\u00edsticos, que se ofrecer\u00e1 en el IES Isidor Macabich y en el IES Sa Serra. Adem\u00e1s, se ofrecer\u00e1 el nuevo Ciclo de Grado Medio de Moda y Confecci\u00f3n en la Escuela de Arte de Eivissa.<\/p>\n<p>En cuanto al Grado Superior en Gesti\u00f3n de Alojamientos Tur\u00edsticos en el IES Isidor Macabich, se ofrecer\u00e1 con una organizaci\u00f3n temporal especial junto con otro ciclo de la misma familia profesional, el Grado Superior en Gu\u00eda, Informaci\u00f3n y Asistencias Tur\u00edsticas. En el IES Sa Serra, el ciclo se ofrecer\u00e1 en r\u00e9gimen de FP dual intensiva.<\/p>\n<p>En Formentera tambi\u00e9n se implantar\u00e1 el Ciclo Formativo de Grado Superior en Educaci\u00f3n Infantil (SSC31) en el IES Marc Ferrer. Este ciclo se alternar\u00e1 con la oferta del curso anterior, el CFGS en Administraci\u00f3n y Finanzas. As\u00ed, se ampl\u00eda y se ofrecen m\u00e1s oportunidades a los estudiantes de Formentera para formarse en su isla de residencia.<\/p>\n<p>Para completar la nueva oferta, durante el curso 2025-2026 se implantar\u00e1n dos nuevos cursos de especializaci\u00f3n, el Curso de Especializaci\u00f3n en Coordinaci\u00f3n del Personal en Reuniones Profesionales, Congresos, Ferias, Exposiciones y Eventos, con acceso desde un grado medio de la familia de hosteler\u00eda y turismo, que se impartir\u00e1 en el CIFP Jun\u00edper Serra de Palma, y\u00a0el Curso de Especializaci\u00f3n en Desarrollo de Aplicaciones en Lenguaje Python, con acceso desde un grado superior de la familia de inform\u00e1tica y comunicaciones, que se realizar\u00e1 en el CIFP Pau Casesnoves de Inca.<\/p>\n<p>Los cursos de especializaci\u00f3n tienen como objetivo complementar las competencias de las personas que ya tienen un t\u00edtulo de FP y facilitar el aprendizaje a lo largo de la vida, adem\u00e1s de mejorar la empleabilidad y la productividad. Con esta implantaci\u00f3n, se llegar\u00e1 a 13 cursos de especializaci\u00f3n en las Illes Balears.<\/p>\n<p>Por otro lado, un total de 38 centros educativos (5 centros de educaci\u00f3n de personas adultas, 11 centros integrados de FP y 22 institutos) han solicitado impartir 160 certificados profesionales de 21 familias profesionales durante el curso 2025-2026.<\/p>\n<p>Un certificado profesional es un documento que acredita oficialmente, y con validez en todo el Estado, que una persona trabajadora es competente en una cualificaci\u00f3n profesional incluida en el Cat\u00e1logo Nacional de Cualificaciones Profesionales.<\/p>\n<h4><strong>Proceso de admisi\u00f3n<\/strong><\/h4>\n<p>El proceso de escolarizaci\u00f3n de formaci\u00f3n profesional del curso 25-26 establece como novedades que la admisi\u00f3n del alumnado ser\u00e1 por nota en todas las opciones seleccionadas. Asimismo, se habilitar\u00e1 una lista de espera, tambi\u00e9n en funci\u00f3n de la nota, en todas las opciones en las que no se haya obtenido plaza, y se publicar\u00e1n las notas de corte de cada ciclo formativo.<\/p>\n<p>Para acceder a un ciclo de formaci\u00f3n profesional o a un curso de especializaci\u00f3n, la Conselleria de\u00a0Educaci\u00f3n y\u00a0Universidades abrir\u00e1 la primera fase del proceso el 16 de junio, y se podr\u00e1n presentar solicitudes hasta el 30 de junio, preferentemente de manera telem\u00e1tica. Para matricularse en los ciclos formativos con plaza obtenida, el periodo ser\u00e1 del 17 al 21 de julio. A partir del 28 de julio se publicar\u00e1n las plazas vacantes en la p\u00e1gina web de FP de la Conselleria de\u00a0Educaci\u00f3n y\u00a0Universidades.<\/p>\n<p>El 28 de agosto se abrir\u00e1 la segunda fase del proceso de admisi\u00f3n y se podr\u00e1n presentar solicitudes hasta el 3 de septiembre, tambi\u00e9n preferentemente de forma telem\u00e1tica. Los d\u00edas 17 y 18 de septiembre se podr\u00e1n realizar las matr\u00edculas y el 19 de septiembre se volver\u00e1n a publicar las plazas vacantes.<\/p>\n<p>A partir de ese momento, las personas que no hayan obtenido plaza en ninguna de las fases anteriores deber\u00e1n acudir a la Oficina de Escolarizaci\u00f3n, con cita previa, para obtener una de las plazas vacantes disponibles. Este periodo estar\u00e1 abierto del 22 de septiembre al 3 de octubre.<\/p>\n<p>Posteriormente, con el objetivo de cubrir todas las plazas vacantes, el alumnado podr\u00e1 matricularse en los centros educativos del 6 al 17 de octubre en grados medios y superiores, y hasta el 31 de octubre en el caso de grados b\u00e1sicos.<\/p>\n<h4><strong>Nuevas aulas ATECA<\/strong><\/h4>\n<p>Durante el curso 2024-2025 se est\u00e1n instalando 15 nuevas Aulas de Tecnolog\u00eda Aplicada (ATECA) en los centros educativos de las Illes Balears, que estar\u00e1n operativas en el primer trimestre del curso 2025-26 y que se sumar\u00e1n a las que ya est\u00e1n operativas.<\/p>\n<p>Las aulas ATECA son espacios tecnol\u00f3gicos que simulan entornos laborales reales, incorporando recursos espec\u00edficos de cada sector productivo mediante simuladores y otros elementos tecnol\u00f3gicos. Estas aulas incluyen, por ejemplo: un sistema de monitoreo remoto de climatizaci\u00f3n, simuladores 3D, sistemas de control remoto para evaluar el estr\u00e9s h\u00eddrico de las plantas y condiciones qu\u00edmicas del suelo, o sistemas de control a distancia de cocinas y hornos integrados con trazabilidad alimentaria.<\/p>\n<p>Actualmente, hay 14 aulas ATECA en Mallorca, 3 en Eivissa, 1 en Formentera y 3 en Menorca.<\/p>\n<p>Tambi\u00e9n se han incrementado las aulas de emprendimiento hasta un total de 42 centros que disponen de ellas: 32 en Mallorca, 5 en Eivissa, 1 en Formentera y 4 en Menorca. El objetivo de esta iniciativa es facilitar la creaci\u00f3n de empresas y el autoempleo. Cabe destacar que la idea es que el alumnado proponga una idea de negocio y luego encuentre los recursos necesarios para ponerla en marcha.<\/p>\n<h4><strong>Incremento de la oferta formativa del CFINFP-IB<\/strong><\/h4>\n<p>El Centro de Formaci\u00f3n, Innovaci\u00f3n y Desarrollo de Formaci\u00f3n Profesional de las Illes Balears (CFINFP-IB) trabaja para dotar al profesorado de las herramientas necesarias para adaptarse a un entorno cambiante marcado por la tecnolog\u00eda y la digitalizaci\u00f3n.<\/p>\n<p>Durante los \u00faltimos cursos, se ha incrementado considerablemente el n\u00famero de formaciones t\u00e9cnicas dirigidas al profesorado. Durante el curso 2023-2024 se organizaron un total de 97 formaciones, y para el curso 2024-2025 se prev\u00e9 llegar a 150 formaciones con la participaci\u00f3n de unos 1.500 docentes y una duraci\u00f3n aproximada de 3.000 horas.<\/p>\n<h4><strong>Nueva normativa<\/strong><\/h4>\n<p>Durante el curso 24-25 se ha iniciado la implantaci\u00f3n de la nueva Ley de Formaci\u00f3n Profesional, que implica un cambio de paradigma en la FP: toda la formaci\u00f3n pasa a ser dual (en r\u00e9gimen general o intensivo), aumenta la formaci\u00f3n en empresa o entidad equivalente (FEMPO), se reestructuran las formaciones en grados (A, B, C, D y E) y se acredita la experiencia profesional.<\/p>\n<h4>M\u00e1s informaci\u00f3n<\/h4>\n<ul>\n<li><a href=\"https:\/\/fpintensivaib.com\/wp-content\/uploads\/Nuevos-ciclos-FP-2025.pdf\">Nuevos ciclos FP<\/a><\/li>\n<li><a href=\"https:\/\/fpintensivaib.com\/wp-content\/uploads\/Infograf\u00eda-proceso-escolarizaci\u00f3n-2025.pdf\">Infograf\u00eda proceso escolarizaci\u00f3n<\/a><\/li>\n<\/ul>\n","protected":false},"excerpt":{"rendered":"<p>Para el pr\u00f3ximo curso, se prev\u00e9 un incremento muy significativo de la oferta de FP, con 36 nuevos ciclos formativos y 2 cursos de especializaci\u00f3n. Adem\u00e1s, tambi\u00e9n se impartir\u00e1n 7 dobles titulaciones que podr\u00e1n completarse en tres cursos acad\u00e9micos. <\/p>\n<div class='heateorSssClear'><\/div><div  class='heateor_sss_sharing_container heateor_sss_horizontal_sharing' data-heateor-sss-href='https:\/\/fpintensivaib.com\/es\/educacion-amplia-la-oferta-de-fp-para-el-proximo-curso-con-36-ciclos-y-2-nuevos-cursos-de-especializacion\/'><div class='heateor_sss_sharing_title' style=\"font-weight:bold\" ><\/div><div class=\"heateor_sss_sharing_ul\"><a aria-label=\"Facebook\" class=\"heateor_sss_facebook\" href=\"https:\/\/www.facebook.com\/sharer\/sharer.php?u=https%3A%2F%2Ffpintensivaib.com%2Fes%2Feducacion-amplia-la-oferta-de-fp-para-el-proximo-curso-con-36-ciclos-y-2-nuevos-cursos-de-especializacion%2F\" title=\"Facebook\" rel=\"nofollow noopener\" target=\"_blank\" style=\"font-size:32px!important;box-shadow:none;display:inline-block;vertical-align:middle\"><span class=\"heateor_sss_svg\" style=\"background-color:#0765FE;width:35px;height:35px;border-radius:999px;display:inline-block;opacity:1;float:left;font-size:32px;box-shadow:none;display:inline-block;font-size:16px;padding:0 4px;vertical-align:middle;background-repeat:repeat;overflow:hidden;padding:0;cursor:pointer;box-sizing:content-box\"><svg style=\"display:block;border-radius:999px;\" focusable=\"false\" aria-hidden=\"true\" xmlns=\"http:\/\/www.w3.org\/2000\/svg\" width=\"100%\" height=\"100%\" viewBox=\"0 0 32 32\"><path fill=\"#fff\" d=\"M28 16c0-6.627-5.373-12-12-12S4 9.373 4 16c0 5.628 3.875 10.35 9.101 11.647v-7.98h-2.474V16H13.1v-1.58c0-4.085 1.849-5.978 5.859-5.978.76 0 2.072.15 2.608.298v3.325c-.283-.03-.775-.045-1.386-.045-1.967 0-2.728.745-2.728 2.683V16h3.92l-.673 3.667h-3.247v8.245C23.395 27.195 28 22.135 28 16Z\"><\/path><\/svg><\/span><\/a><a aria-label=\"Twitter\" class=\"heateor_sss_button_twitter\" href=\"https:\/\/twitter.com\/intent\/tweet?text=Educaci%C3%B3n%20ampl%C3%ADa%20la%20oferta%20de%20FP%20para%20el%20pr%C3%B3ximo%20curso%20con%2036%20ciclos%20y%202%20nuevos%20cursos%20de%20especializaci%C3%B3n&url=https%3A%2F%2Ffpintensivaib.com%2Fes%2Feducacion-amplia-la-oferta-de-fp-para-el-proximo-curso-con-36-ciclos-y-2-nuevos-cursos-de-especializacion%2F\" title=\"Twitter\" rel=\"nofollow noopener\" target=\"_blank\" style=\"font-size:32px!important;box-shadow:none;display:inline-block;vertical-align:middle\"><span class=\"heateor_sss_svg heateor_sss_s__default heateor_sss_s_twitter\" style=\"background-color:#55acee;width:35px;height:35px;border-radius:999px;display:inline-block;opacity:1;float:left;font-size:32px;box-shadow:none;display:inline-block;font-size:16px;padding:0 4px;vertical-align:middle;background-repeat:repeat;overflow:hidden;padding:0;cursor:pointer;box-sizing:content-box\"><svg style=\"display:block;border-radius:999px;\" focusable=\"false\" aria-hidden=\"true\" xmlns=\"http:\/\/www.w3.org\/2000\/svg\" width=\"100%\" height=\"100%\" viewBox=\"-4 -4 39 39\"><path d=\"M28 8.557a9.913 9.913 0 0 1-2.828.775 4.93 4.93 0 0 0 2.166-2.725 9.738 9.738 0 0 1-3.13 1.194 4.92 4.92 0 0 0-3.593-1.55 4.924 4.924 0 0 0-4.794 6.049c-4.09-.21-7.72-2.17-10.15-5.15a4.942 4.942 0 0 0-.665 2.477c0 1.71.87 3.214 2.19 4.1a4.968 4.968 0 0 1-2.23-.616v.06c0 2.39 1.7 4.38 3.952 4.83-.414.115-.85.174-1.297.174-.318 0-.626-.03-.928-.086a4.935 4.935 0 0 0 4.6 3.42 9.893 9.893 0 0 1-6.114 2.107c-.398 0-.79-.023-1.175-.068a13.953 13.953 0 0 0 7.55 2.213c9.056 0 14.01-7.507 14.01-14.013 0-.213-.005-.426-.015-.637.96-.695 1.795-1.56 2.455-2.55z\" fill=\"#fff\"><\/path><\/svg><\/span><\/a><a aria-label=\"Linkedin\" class=\"heateor_sss_button_linkedin\" href=\"https:\/\/www.linkedin.com\/sharing\/share-offsite\/?url=https%3A%2F%2Ffpintensivaib.com%2Fes%2Feducacion-amplia-la-oferta-de-fp-para-el-proximo-curso-con-36-ciclos-y-2-nuevos-cursos-de-especializacion%2F\" title=\"Linkedin\" rel=\"nofollow noopener\" target=\"_blank\" style=\"font-size:32px!important;box-shadow:none;display:inline-block;vertical-align:middle\"><span class=\"heateor_sss_svg heateor_sss_s__default heateor_sss_s_linkedin\" style=\"background-color:#0077b5;width:35px;height:35px;border-radius:999px;display:inline-block;opacity:1;float:left;font-size:32px;box-shadow:none;display:inline-block;font-size:16px;padding:0 4px;vertical-align:middle;background-repeat:repeat;overflow:hidden;padding:0;cursor:pointer;box-sizing:content-box\"><svg style=\"display:block;border-radius:999px;\" focusable=\"false\" aria-hidden=\"true\" xmlns=\"http:\/\/www.w3.org\/2000\/svg\" width=\"100%\" height=\"100%\" viewBox=\"0 0 32 32\"><path d=\"M6.227 12.61h4.19v13.48h-4.19V12.61zm2.095-6.7a2.43 2.43 0 0 1 0 4.86c-1.344 0-2.428-1.09-2.428-2.43s1.084-2.43 2.428-2.43m4.72 6.7h4.02v1.84h.058c.56-1.058 1.927-2.176 3.965-2.176 4.238 0 5.02 2.792 5.02 6.42v7.395h-4.183v-6.56c0-1.564-.03-3.574-2.178-3.574-2.18 0-2.514 1.7-2.514 3.46v6.668h-4.187V12.61z\" fill=\"#fff\"><\/path><\/svg><\/span><\/a><a aria-label=\"Whatsapp\" class=\"heateor_sss_whatsapp\" href=\"https:\/\/api.whatsapp.com\/send?text=Educaci%C3%B3n%20ampl%C3%ADa%20la%20oferta%20de%20FP%20para%20el%20pr%C3%B3ximo%20curso%20con%2036%20ciclos%20y%202%20nuevos%20cursos%20de%20especializaci%C3%B3n%20https%3A%2F%2Ffpintensivaib.com%2Fes%2Feducacion-amplia-la-oferta-de-fp-para-el-proximo-curso-con-36-ciclos-y-2-nuevos-cursos-de-especializacion%2F\" title=\"Whatsapp\" rel=\"nofollow noopener\" target=\"_blank\" style=\"font-size:32px!important;box-shadow:none;display:inline-block;vertical-align:middle\"><span class=\"heateor_sss_svg\" style=\"background-color:#55eb4c;width:35px;height:35px;border-radius:999px;display:inline-block;opacity:1;float:left;font-size:32px;box-shadow:none;display:inline-block;font-size:16px;padding:0 4px;vertical-align:middle;background-repeat:repeat;overflow:hidden;padding:0;cursor:pointer;box-sizing:content-box\"><svg style=\"display:block;border-radius:999px;\" focusable=\"false\" aria-hidden=\"true\" xmlns=\"http:\/\/www.w3.org\/2000\/svg\" width=\"100%\" height=\"100%\" viewBox=\"-6 -5 40 40\"><path class=\"heateor_sss_svg_stroke heateor_sss_no_fill\" stroke=\"#fff\" stroke-width=\"2\" fill=\"none\" d=\"M 11.579798566743314 24.396926207859085 A 10 10 0 1 0 6.808479557110079 20.73576436351046\"><\/path><path d=\"M 7 19 l -1 6 l 6 -1\" class=\"heateor_sss_no_fill heateor_sss_svg_stroke\" stroke=\"#fff\" stroke-width=\"2\" fill=\"none\"><\/path><path d=\"M 10 10 q -1 8 8 11 c 5 -1 0 -6 -1 -3 q -4 -3 -5 -5 c 4 -2 -1 -5 -1 -4\" fill=\"#fff\"><\/path><\/svg><\/span><\/a><a aria-label=\"Email\" class=\"heateor_sss_email\" href=\"https:\/\/fpintensivaib.com\/es\/educacion-amplia-la-oferta-de-fp-para-el-proximo-curso-con-36-ciclos-y-2-nuevos-cursos-de-especializacion\/\" onclick=\"event.preventDefault();window.open('mailto:?subject=' + decodeURIComponent('Educaci%C3%B3n%20ampl%C3%ADa%20la%20oferta%20de%20FP%20para%20el%20pr%C3%B3ximo%20curso%20con%2036%20ciclos%20y%202%20nuevos%20cursos%20de%20especializaci%C3%B3n').replace('&', '%26') + '&body=https%3A%2F%2Ffpintensivaib.com%2Fes%2Feducacion-amplia-la-oferta-de-fp-para-el-proximo-curso-con-36-ciclos-y-2-nuevos-cursos-de-especializacion%2F', '_blank')\" title=\"Email\" rel=\"noopener\" style=\"font-size:32px!important;box-shadow:none;display:inline-block;vertical-align:middle\"><span class=\"heateor_sss_svg\" style=\"background-color:#649a3f;width:35px;height:35px;border-radius:999px;display:inline-block;opacity:1;float:left;font-size:32px;box-shadow:none;display:inline-block;font-size:16px;padding:0 4px;vertical-align:middle;background-repeat:repeat;overflow:hidden;padding:0;cursor:pointer;box-sizing:content-box\"><svg style=\"display:block;border-radius:999px;\" focusable=\"false\" aria-hidden=\"true\" xmlns=\"http:\/\/www.w3.org\/2000\/svg\" width=\"100%\" height=\"100%\" viewBox=\"-.75 -.5 36 36\"><path d=\"M 5.5 11 h 23 v 1 l -11 6 l -11 -6 v -1 m 0 2 l 11 6 l 11 -6 v 11 h -22 v -11\" stroke-width=\"1\" fill=\"#fff\"><\/path><\/svg><\/span><\/a><a class=\"heateor_sss_more\" aria-label=\"More\" title=\"More\" rel=\"nofollow noopener\" style=\"font-size: 32px!important;border:0;box-shadow:none;display:inline-block!important;font-size:16px;padding:0 4px;vertical-align: middle;display:inline;\" href=\"https:\/\/fpintensivaib.com\/es\/educacion-amplia-la-oferta-de-fp-para-el-proximo-curso-con-36-ciclos-y-2-nuevos-cursos-de-especializacion\/\" onclick=\"event.preventDefault()\"><span class=\"heateor_sss_svg\" style=\"background-color:#ee8e2d;width:35px;height:35px;border-radius:999px;display:inline-block!important;opacity:1;float:left;font-size:32px!important;box-shadow:none;display:inline-block;font-size:16px;padding:0 4px;vertical-align:middle;display:inline;background-repeat:repeat;overflow:hidden;padding:0;cursor:pointer;box-sizing:content-box;\" onclick=\"heateorSssMoreSharingPopup(this, 'https:\/\/fpintensivaib.com\/es\/educacion-amplia-la-oferta-de-fp-para-el-proximo-curso-con-36-ciclos-y-2-nuevos-cursos-de-especializacion\/', 'Educaci%C3%B3n%20ampl%C3%ADa%20la%20oferta%20de%20FP%20para%20el%20pr%C3%B3ximo%20curso%20con%2036%20ciclos%20y%202%20nuevos%20cursos%20de%20especializaci%C3%B3n', '' )\"><svg xmlns=\"http:\/\/www.w3.org\/2000\/svg\" xmlns:xlink=\"http:\/\/www.w3.org\/1999\/xlink\" viewBox=\"-.3 0 32 32\" version=\"1.1\" width=\"100%\" height=\"100%\" style=\"display:block;border-radius:999px;\" xml:space=\"preserve\"><g><path fill=\"#fff\" d=\"M18 14V8h-4v6H8v4h6v6h4v-6h6v-4h-6z\" fill-rule=\"evenodd\"><\/path><\/g><\/svg><\/span><\/a><\/div><div class=\"heateorSssClear\"><\/div><\/div><div class='heateorSssClear'><\/div>","protected":false},"author":6,"featured_media":6759,"comment_status":"closed","ping_status":"closed","sticky":false,"template":"","format":"standard","meta":[],"categories":[32],"tags":[],"_links":{"self":[{"href":"https:\/\/fpintensivaib.com\/es\/wp-json\/wp\/v2\/posts\/6763"}],"collection":[{"href":"https:\/\/fpintensivaib.com\/es\/wp-json\/wp\/v2\/posts"}],"about":[{"href":"https:\/\/fpintensivaib.com\/es\/wp-json\/wp\/v2\/types\/post"}],"author":[{"embeddable":true,"href":"https:\/\/fpintensivaib.com\/es\/wp-json\/wp\/v2\/users\/6"}],"replies":[{"embeddable":true,"href":"https:\/\/fpintensivaib.com\/es\/wp-json\/wp\/v2\/comments?post=6763"}],"version-history":[{"count":2,"href":"https:\/\/fpintensivaib.com\/es\/wp-json\/wp\/v2\/posts\/6763\/revisions"}],"predecessor-version":[{"id":6772,"href":"https:\/\/fpintensivaib.com\/es\/wp-json\/wp\/v2\/posts\/6763\/revisions\/6772"}],"wp:featuredmedia":[{"embeddable":true,"href":"https:\/\/fpintensivaib.com\/es\/wp-json\/wp\/v2\/media\/6759"}],"wp:attachment":[{"href":"https:\/\/fpintensivaib.com\/es\/wp-json\/wp\/v2\/media?parent=6763"}],"wp:term":[{"taxonomy":"category","embeddable":true,"href":"https:\/\/fpintensivaib.com\/es\/wp-json\/wp\/v2\/categories?post=6763"},{"taxonomy":"post_tag","embeddable":true,"href":"https:\/\/fpintensivaib.com\/es\/wp-json\/wp\/v2\/tags?post=6763"}],"curies":[{"name":"wp","href":"https:\/\/api.w.org\/{rel}","templated":true}]}}