{"id":7516,"date":"2025-10-29T09:41:15","date_gmt":"2025-10-29T09:41:15","guid":{"rendered":"https:\/\/fpintensivaib.com\/encuentro-anual-entre-centros-y-empresas-de-formacion-profesional-dual-intensiva\/"},"modified":"2025-10-30T10:11:37","modified_gmt":"2025-10-30T10:11:37","slug":"encuentro-anual-entre-centros-y-empresas-de-formacion-profesional-dual-intensiva","status":"publish","type":"post","link":"https:\/\/fpintensivaib.com\/es\/encuentro-anual-entre-centros-y-empresas-de-formacion-profesional-dual-intensiva\/","title":{"rendered":"Encuentro anual entre centros y empresas de formaci\u00f3n profesional dual intensiva"},"content":{"rendered":"<p data-start=\"53\" data-end=\"266\">La C\u00e1mara de Comercio de Mallorca, en colaboraci\u00f3n con la Consejer\u00eda de Educaci\u00f3n y Universidades, organiz\u00f3 el 29 de octubre un encuentro con el objetivo de fomentar la calidad del modelo de Formaci\u00f3n Profesional Dual Intensiva.<\/p>\n<p data-start=\"268\" data-end=\"496\">El acto reuni\u00f3 <strong data-start=\"285\" data-end=\"308\">a 8 centros educativos<\/strong> y <strong data-start=\"311\" data-end=\"326\">19 empresas<\/strong> de diversos sectores \u2014inform\u00e1tica, hosteler\u00eda, automoci\u00f3n, venta y distribuci\u00f3n, asesor\u00eda, instalaciones el\u00e9ctricas y comercio\u2014, sumando un total de <strong data-start=\"474\" data-end=\"493\">35 participantes<\/strong> .<\/p>\n<p data-start=\"498\" data-end=\"770\">Por parte de los organismos, se cont\u00f3 con el saludo inicial de <strong data-start=\"566\" data-end=\"589\">Juan Antonio Mart\u00edn<\/strong> , <span data-teams=\"true\">jefe del departamento de Formaci\u00f3n Profesional y Cualificaciones Profesionales<\/span> , y <strong data-start=\"624\" data-end=\"642\">Cristina Juli\u00e0<\/strong> , directora del Departamento de Formaci\u00f3n de la C\u00e1mara. Adem\u00e1s, intervino la Directora General de FP, <strong data-start=\"720\" data-end=\"767\">Mar\u00eda Isabel Salas<\/strong> . <\/p>\n<p data-start=\"772\" data-end=\"1113\">La jornada tuvo como objetivos <strong>agradecer a las empresas y centros educativos<\/strong> que posibilitan la continuidad del proyecto y la formaci\u00f3n de los alumnos. Y, sobre todo, <strong>recoger y trabajar<\/strong> las <strong>propuestas de mejora<\/strong> planteadas por centros y empresas, que servir\u00e1n para seguir impulsando la <strong>calidad<\/strong> del modelo de FP Dual Intensiva. <\/p>\n<p data-start=\"1115\" data-end=\"1310\">Durante la sesi\u00f3n, se abordaron temas clave como la <strong data-start=\"1166\" data-end=\"1218\">comunicaci\u00f3n y coordinaci\u00f3n entre centro y empresa<\/strong> , el <strong data-start=\"1223\" data-end=\"1261\">seguimiento y evaluaci\u00f3n de los alumnos<\/strong> , el <strong data-start=\"1266\" data-end=\"1293\">plan formativo individual<\/strong> , entre otros.<\/p>\n<p data-start=\"1312\" data-end=\"1662\">La C\u00e1mara de Comercio de Mallorca destaca la importancia de este tipo de encuentros y del trabajo conjunto, ya que permiten <strong data-start=\"1433\" data-end=\"1461\">identificar puntos comunes<\/strong> , generar <strong data-start=\"1471\" data-end=\"1497\">propuestas interesantes<\/strong> y ofrecer <strong data-start=\"1507\" data-end=\"1540\">espacios de reflexi\u00f3n necesarios<\/strong> durante el curso para analizar los aspectos que m\u00e1s preocupan e interesan tanto a las empresas como a los centros educativos.<\/p>\n<p data-start=\"1664\" data-end=\"1866\">Cambra Mallorca reafirma su compromiso de seguir apoyando este modelo pionero que, desde hace 12 a\u00f1os, ha permitido a cientos de alumnos formarse ya numerosas empresas incorporar talento cualificado.<\/p>\n","protected":false},"excerpt":{"rendered":"<p>La C\u00e1mara de Comercio de Mallorca, en colaboraci\u00f3n con la Consejer\u00eda de Educaci\u00f3n y Universidades, ha organizado una jornada con el objetivo de fomentar la calidad del modelo de FP Dual Intensiva.<\/p>\n<div class='heateorSssClear'><\/div><div  class='heateor_sss_sharing_container heateor_sss_horizontal_sharing' data-heateor-sss-href='https:\/\/fpintensivaib.com\/es\/encuentro-anual-entre-centros-y-empresas-de-formacion-profesional-dual-intensiva\/'><div class='heateor_sss_sharing_title' style=\"font-weight:bold\" ><\/div><div class=\"heateor_sss_sharing_ul\"><a aria-label=\"Facebook\" class=\"heateor_sss_facebook\" href=\"https:\/\/www.facebook.com\/sharer\/sharer.php?u=https%3A%2F%2Ffpintensivaib.com%2Fes%2Fencuentro-anual-entre-centros-y-empresas-de-formacion-profesional-dual-intensiva%2F\" title=\"Facebook\" rel=\"nofollow noopener\" target=\"_blank\" style=\"font-size:32px!important;box-shadow:none;display:inline-block;vertical-align:middle\"><span class=\"heateor_sss_svg\" style=\"background-color:#0765FE;width:35px;height:35px;border-radius:999px;display:inline-block;opacity:1;float:left;font-size:32px;box-shadow:none;display:inline-block;font-size:16px;padding:0 4px;vertical-align:middle;background-repeat:repeat;overflow:hidden;padding:0;cursor:pointer;box-sizing:content-box\"><svg style=\"display:block;border-radius:999px;\" focusable=\"false\" aria-hidden=\"true\" xmlns=\"http:\/\/www.w3.org\/2000\/svg\" width=\"100%\" height=\"100%\" viewBox=\"0 0 32 32\"><path fill=\"#fff\" d=\"M28 16c0-6.627-5.373-12-12-12S4 9.373 4 16c0 5.628 3.875 10.35 9.101 11.647v-7.98h-2.474V16H13.1v-1.58c0-4.085 1.849-5.978 5.859-5.978.76 0 2.072.15 2.608.298v3.325c-.283-.03-.775-.045-1.386-.045-1.967 0-2.728.745-2.728 2.683V16h3.92l-.673 3.667h-3.247v8.245C23.395 27.195 28 22.135 28 16Z\"><\/path><\/svg><\/span><\/a><a aria-label=\"Twitter\" class=\"heateor_sss_button_twitter\" href=\"https:\/\/twitter.com\/intent\/tweet?text=Encuentro%20anual%20entre%20centros%20y%20empresas%20de%20formaci%C3%B3n%20profesional%20dual%20intensiva&url=https%3A%2F%2Ffpintensivaib.com%2Fes%2Fencuentro-anual-entre-centros-y-empresas-de-formacion-profesional-dual-intensiva%2F\" title=\"Twitter\" rel=\"nofollow noopener\" target=\"_blank\" style=\"font-size:32px!important;box-shadow:none;display:inline-block;vertical-align:middle\"><span class=\"heateor_sss_svg heateor_sss_s__default heateor_sss_s_twitter\" style=\"background-color:#55acee;width:35px;height:35px;border-radius:999px;display:inline-block;opacity:1;float:left;font-size:32px;box-shadow:none;display:inline-block;font-size:16px;padding:0 4px;vertical-align:middle;background-repeat:repeat;overflow:hidden;padding:0;cursor:pointer;box-sizing:content-box\"><svg style=\"display:block;border-radius:999px;\" focusable=\"false\" aria-hidden=\"true\" xmlns=\"http:\/\/www.w3.org\/2000\/svg\" width=\"100%\" height=\"100%\" viewBox=\"-4 -4 39 39\"><path d=\"M28 8.557a9.913 9.913 0 0 1-2.828.775 4.93 4.93 0 0 0 2.166-2.725 9.738 9.738 0 0 1-3.13 1.194 4.92 4.92 0 0 0-3.593-1.55 4.924 4.924 0 0 0-4.794 6.049c-4.09-.21-7.72-2.17-10.15-5.15a4.942 4.942 0 0 0-.665 2.477c0 1.71.87 3.214 2.19 4.1a4.968 4.968 0 0 1-2.23-.616v.06c0 2.39 1.7 4.38 3.952 4.83-.414.115-.85.174-1.297.174-.318 0-.626-.03-.928-.086a4.935 4.935 0 0 0 4.6 3.42 9.893 9.893 0 0 1-6.114 2.107c-.398 0-.79-.023-1.175-.068a13.953 13.953 0 0 0 7.55 2.213c9.056 0 14.01-7.507 14.01-14.013 0-.213-.005-.426-.015-.637.96-.695 1.795-1.56 2.455-2.55z\" fill=\"#fff\"><\/path><\/svg><\/span><\/a><a aria-label=\"Linkedin\" class=\"heateor_sss_button_linkedin\" href=\"https:\/\/www.linkedin.com\/sharing\/share-offsite\/?url=https%3A%2F%2Ffpintensivaib.com%2Fes%2Fencuentro-anual-entre-centros-y-empresas-de-formacion-profesional-dual-intensiva%2F\" title=\"Linkedin\" rel=\"nofollow noopener\" target=\"_blank\" style=\"font-size:32px!important;box-shadow:none;display:inline-block;vertical-align:middle\"><span class=\"heateor_sss_svg heateor_sss_s__default heateor_sss_s_linkedin\" style=\"background-color:#0077b5;width:35px;height:35px;border-radius:999px;display:inline-block;opacity:1;float:left;font-size:32px;box-shadow:none;display:inline-block;font-size:16px;padding:0 4px;vertical-align:middle;background-repeat:repeat;overflow:hidden;padding:0;cursor:pointer;box-sizing:content-box\"><svg style=\"display:block;border-radius:999px;\" focusable=\"false\" aria-hidden=\"true\" xmlns=\"http:\/\/www.w3.org\/2000\/svg\" width=\"100%\" height=\"100%\" viewBox=\"0 0 32 32\"><path d=\"M6.227 12.61h4.19v13.48h-4.19V12.61zm2.095-6.7a2.43 2.43 0 0 1 0 4.86c-1.344 0-2.428-1.09-2.428-2.43s1.084-2.43 2.428-2.43m4.72 6.7h4.02v1.84h.058c.56-1.058 1.927-2.176 3.965-2.176 4.238 0 5.02 2.792 5.02 6.42v7.395h-4.183v-6.56c0-1.564-.03-3.574-2.178-3.574-2.18 0-2.514 1.7-2.514 3.46v6.668h-4.187V12.61z\" fill=\"#fff\"><\/path><\/svg><\/span><\/a><a aria-label=\"Whatsapp\" class=\"heateor_sss_whatsapp\" href=\"https:\/\/api.whatsapp.com\/send?text=Encuentro%20anual%20entre%20centros%20y%20empresas%20de%20formaci%C3%B3n%20profesional%20dual%20intensiva%20https%3A%2F%2Ffpintensivaib.com%2Fes%2Fencuentro-anual-entre-centros-y-empresas-de-formacion-profesional-dual-intensiva%2F\" title=\"Whatsapp\" rel=\"nofollow noopener\" target=\"_blank\" style=\"font-size:32px!important;box-shadow:none;display:inline-block;vertical-align:middle\"><span class=\"heateor_sss_svg\" style=\"background-color:#55eb4c;width:35px;height:35px;border-radius:999px;display:inline-block;opacity:1;float:left;font-size:32px;box-shadow:none;display:inline-block;font-size:16px;padding:0 4px;vertical-align:middle;background-repeat:repeat;overflow:hidden;padding:0;cursor:pointer;box-sizing:content-box\"><svg style=\"display:block;border-radius:999px;\" focusable=\"false\" aria-hidden=\"true\" xmlns=\"http:\/\/www.w3.org\/2000\/svg\" width=\"100%\" height=\"100%\" viewBox=\"-6 -5 40 40\"><path class=\"heateor_sss_svg_stroke heateor_sss_no_fill\" stroke=\"#fff\" stroke-width=\"2\" fill=\"none\" d=\"M 11.579798566743314 24.396926207859085 A 10 10 0 1 0 6.808479557110079 20.73576436351046\"><\/path><path d=\"M 7 19 l -1 6 l 6 -1\" class=\"heateor_sss_no_fill heateor_sss_svg_stroke\" stroke=\"#fff\" stroke-width=\"2\" fill=\"none\"><\/path><path d=\"M 10 10 q -1 8 8 11 c 5 -1 0 -6 -1 -3 q -4 -3 -5 -5 c 4 -2 -1 -5 -1 -4\" fill=\"#fff\"><\/path><\/svg><\/span><\/a><a aria-label=\"Email\" class=\"heateor_sss_email\" href=\"https:\/\/fpintensivaib.com\/es\/encuentro-anual-entre-centros-y-empresas-de-formacion-profesional-dual-intensiva\/\" onclick=\"event.preventDefault();window.open('mailto:?subject=' + decodeURIComponent('Encuentro%20anual%20entre%20centros%20y%20empresas%20de%20formaci%C3%B3n%20profesional%20dual%20intensiva').replace('&', '%26') + '&body=https%3A%2F%2Ffpintensivaib.com%2Fes%2Fencuentro-anual-entre-centros-y-empresas-de-formacion-profesional-dual-intensiva%2F', '_blank')\" title=\"Email\" rel=\"noopener\" style=\"font-size:32px!important;box-shadow:none;display:inline-block;vertical-align:middle\"><span class=\"heateor_sss_svg\" style=\"background-color:#649a3f;width:35px;height:35px;border-radius:999px;display:inline-block;opacity:1;float:left;font-size:32px;box-shadow:none;display:inline-block;font-size:16px;padding:0 4px;vertical-align:middle;background-repeat:repeat;overflow:hidden;padding:0;cursor:pointer;box-sizing:content-box\"><svg style=\"display:block;border-radius:999px;\" focusable=\"false\" aria-hidden=\"true\" xmlns=\"http:\/\/www.w3.org\/2000\/svg\" width=\"100%\" height=\"100%\" viewBox=\"-.75 -.5 36 36\"><path d=\"M 5.5 11 h 23 v 1 l -11 6 l -11 -6 v -1 m 0 2 l 11 6 l 11 -6 v 11 h -22 v -11\" stroke-width=\"1\" fill=\"#fff\"><\/path><\/svg><\/span><\/a><a class=\"heateor_sss_more\" aria-label=\"More\" title=\"More\" rel=\"nofollow noopener\" style=\"font-size: 32px!important;border:0;box-shadow:none;display:inline-block!important;font-size:16px;padding:0 4px;vertical-align: middle;display:inline;\" href=\"https:\/\/fpintensivaib.com\/es\/encuentro-anual-entre-centros-y-empresas-de-formacion-profesional-dual-intensiva\/\" onclick=\"event.preventDefault()\"><span class=\"heateor_sss_svg\" style=\"background-color:#ee8e2d;width:35px;height:35px;border-radius:999px;display:inline-block!important;opacity:1;float:left;font-size:32px!important;box-shadow:none;display:inline-block;font-size:16px;padding:0 4px;vertical-align:middle;display:inline;background-repeat:repeat;overflow:hidden;padding:0;cursor:pointer;box-sizing:content-box;\" onclick=\"heateorSssMoreSharingPopup(this, 'https:\/\/fpintensivaib.com\/es\/encuentro-anual-entre-centros-y-empresas-de-formacion-profesional-dual-intensiva\/', 'Encuentro%20anual%20entre%20centros%20y%20empresas%20de%20formaci%C3%B3n%20profesional%20dual%20intensiva', '' )\"><svg xmlns=\"http:\/\/www.w3.org\/2000\/svg\" xmlns:xlink=\"http:\/\/www.w3.org\/1999\/xlink\" viewBox=\"-.3 0 32 32\" version=\"1.1\" width=\"100%\" height=\"100%\" style=\"display:block;border-radius:999px;\" xml:space=\"preserve\"><g><path fill=\"#fff\" d=\"M18 14V8h-4v6H8v4h6v6h4v-6h6v-4h-6z\" fill-rule=\"evenodd\"><\/path><\/g><\/svg><\/span><\/a><\/div><div class=\"heateorSssClear\"><\/div><\/div><div class='heateorSssClear'><\/div>","protected":false},"author":6,"featured_media":7515,"comment_status":"closed","ping_status":"closed","sticky":false,"template":"","format":"standard","meta":[],"categories":[32,17],"tags":[],"_links":{"self":[{"href":"https:\/\/fpintensivaib.com\/es\/wp-json\/wp\/v2\/posts\/7516"}],"collection":[{"href":"https:\/\/fpintensivaib.com\/es\/wp-json\/wp\/v2\/posts"}],"about":[{"href":"https:\/\/fpintensivaib.com\/es\/wp-json\/wp\/v2\/types\/post"}],"author":[{"embeddable":true,"href":"https:\/\/fpintensivaib.com\/es\/wp-json\/wp\/v2\/users\/6"}],"replies":[{"embeddable":true,"href":"https:\/\/fpintensivaib.com\/es\/wp-json\/wp\/v2\/comments?post=7516"}],"version-history":[{"count":1,"href":"https:\/\/fpintensivaib.com\/es\/wp-json\/wp\/v2\/posts\/7516\/revisions"}],"predecessor-version":[{"id":7521,"href":"https:\/\/fpintensivaib.com\/es\/wp-json\/wp\/v2\/posts\/7516\/revisions\/7521"}],"wp:featuredmedia":[{"embeddable":true,"href":"https:\/\/fpintensivaib.com\/es\/wp-json\/wp\/v2\/media\/7515"}],"wp:attachment":[{"href":"https:\/\/fpintensivaib.com\/es\/wp-json\/wp\/v2\/media?parent=7516"}],"wp:term":[{"taxonomy":"category","embeddable":true,"href":"https:\/\/fpintensivaib.com\/es\/wp-json\/wp\/v2\/categories?post=7516"},{"taxonomy":"post_tag","embeddable":true,"href":"https:\/\/fpintensivaib.com\/es\/wp-json\/wp\/v2\/tags?post=7516"}],"curies":[{"name":"wp","href":"https:\/\/api.w.org\/{rel}","templated":true}]}}