{"id":7528,"date":"2025-10-31T07:44:32","date_gmt":"2025-10-31T07:44:32","guid":{"rendered":"https:\/\/fpintensivaib.com\/las-jornadas-de-orientacion-acercan-la-fp-dual-intensiva-a-508-estudiantes\/"},"modified":"2025-10-31T07:44:32","modified_gmt":"2025-10-31T07:44:32","slug":"las-jornadas-de-orientacion-acercan-la-fp-dual-intensiva-a-508-estudiantes","status":"publish","type":"post","link":"https:\/\/fpintensivaib.com\/es\/las-jornadas-de-orientacion-acercan-la-fp-dual-intensiva-a-508-estudiantes\/","title":{"rendered":"Las jornadas de orientaci\u00f3n acercan la FP Dual Intensiva a 508 estudiantes"},"content":{"rendered":"<p data-start=\"42\" data-end=\"321\">El Departamento de Formaci\u00f3n de la C\u00e1mara de Comercio de Mallorca, junto con la Direcci\u00f3n General de Formaci\u00f3n Profesional y Ordenaci\u00f3n Educativa, ha realizado <strong>19 sesiones informativas<\/strong> dirigidas a los estudiantes matriculados este curso en Formaci\u00f3n Profesional de r\u00e9gimen intensivo.<\/p>\n<p data-start=\"323\" data-end=\"790\">El objetivo principal es que los estudiantes tengan claro lo que es la FP Dual Intensiva y puedan resolver las posibles dudas, incluso aunque ya se hayan matriculado en esta modalidad. Asimismo, tambi\u00e9n se explica el papel de la C\u00e1mara de Comercio como coordinadora entre centros educativos y empresas. <\/p>\n<p data-start=\"323\" data-end=\"790\">Los contenidos que se han tratado en las sesiones han sido:<\/p>\n<ul>\n<li class=\"x_MsoNormal\" data-olk-copy-source=\"MessageBody\">Diferencias entre la FP dual general y la FP dual Intensiva.<\/li>\n<li class=\"x_MsoNormal\">\u00bfQu\u00e9 es el Fp dual Intensiva y qu\u00e9 ventajas tiene?<\/li>\n<li class=\"x_MsoNormal\">Claves del \u00e9xito en el proyecto y qu\u00e9 competencias son importantes.<\/li>\n<li class=\"x_MsoNormal\">La importancia de la comunicaci\u00f3n y de la figura del tutor\/a de centro.<\/li>\n<li class=\"x_MsoNormal\">El contrato de formaci\u00f3n en alternancia y sus caracter\u00edsticas. Limitaciones y aspectos importantes a tener en cuenta. <\/li>\n<li class=\"x_MsoNormal\">Documentaci\u00f3n imprescindible.<\/li>\n<\/ul>\n<p data-start=\"792\" data-end=\"965\">Los talleres se han desarrollado de forma presencial entre <strong>el 1 y el 27 de octubre<\/strong> en diferentes centros educativos de Mallorca, llegando a un total de <strong>508 estudiantes.<\/strong><\/p>\n<p data-start=\"967\" data-end=\"1306\">Las sesiones informativas se han desarrollado en los siguientes centros: <strong>IES Polit\u00e9cnico, San Jos\u00e9 Obrero, IES Felanitx, CIFP Jun\u00edpero Serra, CIFP El Embate, CIFP Francisco de Borja Moll, IES Berenguer de Anoia, CIDE, CIFP Pau Casesnoves, IES Son Pacs, IES Savanc IES Ses Estacions Alcudia y CIFP Pere de Son Gall.<\/strong><\/p>\n<p data-start=\"1308\" data-end=\"1709\">Desde 2012, la C\u00e1mara de Comercio de Mallorca y la Direcci\u00f3n General de Formaci\u00f3n Profesional y Ordenaci\u00f3n Educativa colaboran en diferentes iniciativas para impulsar la FP Dual Intensiva. Este r\u00e9gimen educativo combina la formaci\u00f3n te\u00f3rica en los centros educativos con la pr\u00e1ctica en las empresas mediante un contrato de trabajo en alternancia, ofreciendo as\u00ed experiencia laboral remunerada a los estudiantes. <\/p>\n","protected":false},"excerpt":{"rendered":"<p>Se han realizado 19 sesiones informativas dirigidas a los alumnos matriculados en este curso en Formaci\u00f3n Profesional de r\u00e9gimen intensivo.<\/p>\n<div class='heateorSssClear'><\/div><div  class='heateor_sss_sharing_container heateor_sss_horizontal_sharing' data-heateor-sss-href='https:\/\/fpintensivaib.com\/es\/las-jornadas-de-orientacion-acercan-la-fp-dual-intensiva-a-508-estudiantes\/'><div class='heateor_sss_sharing_title' style=\"font-weight:bold\" ><\/div><div class=\"heateor_sss_sharing_ul\"><a aria-label=\"Facebook\" class=\"heateor_sss_facebook\" href=\"https:\/\/www.facebook.com\/sharer\/sharer.php?u=https%3A%2F%2Ffpintensivaib.com%2Fes%2Flas-jornadas-de-orientacion-acercan-la-fp-dual-intensiva-a-508-estudiantes%2F\" title=\"Facebook\" rel=\"nofollow noopener\" target=\"_blank\" style=\"font-size:32px!important;box-shadow:none;display:inline-block;vertical-align:middle\"><span class=\"heateor_sss_svg\" style=\"background-color:#0765FE;width:35px;height:35px;border-radius:999px;display:inline-block;opacity:1;float:left;font-size:32px;box-shadow:none;display:inline-block;font-size:16px;padding:0 4px;vertical-align:middle;background-repeat:repeat;overflow:hidden;padding:0;cursor:pointer;box-sizing:content-box\"><svg style=\"display:block;border-radius:999px;\" focusable=\"false\" aria-hidden=\"true\" xmlns=\"http:\/\/www.w3.org\/2000\/svg\" width=\"100%\" height=\"100%\" viewBox=\"0 0 32 32\"><path fill=\"#fff\" d=\"M28 16c0-6.627-5.373-12-12-12S4 9.373 4 16c0 5.628 3.875 10.35 9.101 11.647v-7.98h-2.474V16H13.1v-1.58c0-4.085 1.849-5.978 5.859-5.978.76 0 2.072.15 2.608.298v3.325c-.283-.03-.775-.045-1.386-.045-1.967 0-2.728.745-2.728 2.683V16h3.92l-.673 3.667h-3.247v8.245C23.395 27.195 28 22.135 28 16Z\"><\/path><\/svg><\/span><\/a><a aria-label=\"Twitter\" class=\"heateor_sss_button_twitter\" href=\"https:\/\/twitter.com\/intent\/tweet?text=Las%20jornadas%20de%20orientaci%C3%B3n%20acercan%20la%20FP%20Dual%20Intensiva%20a%20508%20estudiantes&url=https%3A%2F%2Ffpintensivaib.com%2Fes%2Flas-jornadas-de-orientacion-acercan-la-fp-dual-intensiva-a-508-estudiantes%2F\" title=\"Twitter\" rel=\"nofollow noopener\" target=\"_blank\" style=\"font-size:32px!important;box-shadow:none;display:inline-block;vertical-align:middle\"><span class=\"heateor_sss_svg heateor_sss_s__default heateor_sss_s_twitter\" style=\"background-color:#55acee;width:35px;height:35px;border-radius:999px;display:inline-block;opacity:1;float:left;font-size:32px;box-shadow:none;display:inline-block;font-size:16px;padding:0 4px;vertical-align:middle;background-repeat:repeat;overflow:hidden;padding:0;cursor:pointer;box-sizing:content-box\"><svg style=\"display:block;border-radius:999px;\" focusable=\"false\" aria-hidden=\"true\" xmlns=\"http:\/\/www.w3.org\/2000\/svg\" width=\"100%\" height=\"100%\" viewBox=\"-4 -4 39 39\"><path d=\"M28 8.557a9.913 9.913 0 0 1-2.828.775 4.93 4.93 0 0 0 2.166-2.725 9.738 9.738 0 0 1-3.13 1.194 4.92 4.92 0 0 0-3.593-1.55 4.924 4.924 0 0 0-4.794 6.049c-4.09-.21-7.72-2.17-10.15-5.15a4.942 4.942 0 0 0-.665 2.477c0 1.71.87 3.214 2.19 4.1a4.968 4.968 0 0 1-2.23-.616v.06c0 2.39 1.7 4.38 3.952 4.83-.414.115-.85.174-1.297.174-.318 0-.626-.03-.928-.086a4.935 4.935 0 0 0 4.6 3.42 9.893 9.893 0 0 1-6.114 2.107c-.398 0-.79-.023-1.175-.068a13.953 13.953 0 0 0 7.55 2.213c9.056 0 14.01-7.507 14.01-14.013 0-.213-.005-.426-.015-.637.96-.695 1.795-1.56 2.455-2.55z\" fill=\"#fff\"><\/path><\/svg><\/span><\/a><a aria-label=\"Linkedin\" class=\"heateor_sss_button_linkedin\" href=\"https:\/\/www.linkedin.com\/sharing\/share-offsite\/?url=https%3A%2F%2Ffpintensivaib.com%2Fes%2Flas-jornadas-de-orientacion-acercan-la-fp-dual-intensiva-a-508-estudiantes%2F\" title=\"Linkedin\" rel=\"nofollow noopener\" target=\"_blank\" style=\"font-size:32px!important;box-shadow:none;display:inline-block;vertical-align:middle\"><span class=\"heateor_sss_svg heateor_sss_s__default heateor_sss_s_linkedin\" style=\"background-color:#0077b5;width:35px;height:35px;border-radius:999px;display:inline-block;opacity:1;float:left;font-size:32px;box-shadow:none;display:inline-block;font-size:16px;padding:0 4px;vertical-align:middle;background-repeat:repeat;overflow:hidden;padding:0;cursor:pointer;box-sizing:content-box\"><svg style=\"display:block;border-radius:999px;\" focusable=\"false\" aria-hidden=\"true\" xmlns=\"http:\/\/www.w3.org\/2000\/svg\" width=\"100%\" height=\"100%\" viewBox=\"0 0 32 32\"><path d=\"M6.227 12.61h4.19v13.48h-4.19V12.61zm2.095-6.7a2.43 2.43 0 0 1 0 4.86c-1.344 0-2.428-1.09-2.428-2.43s1.084-2.43 2.428-2.43m4.72 6.7h4.02v1.84h.058c.56-1.058 1.927-2.176 3.965-2.176 4.238 0 5.02 2.792 5.02 6.42v7.395h-4.183v-6.56c0-1.564-.03-3.574-2.178-3.574-2.18 0-2.514 1.7-2.514 3.46v6.668h-4.187V12.61z\" fill=\"#fff\"><\/path><\/svg><\/span><\/a><a aria-label=\"Whatsapp\" class=\"heateor_sss_whatsapp\" href=\"https:\/\/api.whatsapp.com\/send?text=Las%20jornadas%20de%20orientaci%C3%B3n%20acercan%20la%20FP%20Dual%20Intensiva%20a%20508%20estudiantes%20https%3A%2F%2Ffpintensivaib.com%2Fes%2Flas-jornadas-de-orientacion-acercan-la-fp-dual-intensiva-a-508-estudiantes%2F\" title=\"Whatsapp\" rel=\"nofollow noopener\" target=\"_blank\" style=\"font-size:32px!important;box-shadow:none;display:inline-block;vertical-align:middle\"><span class=\"heateor_sss_svg\" style=\"background-color:#55eb4c;width:35px;height:35px;border-radius:999px;display:inline-block;opacity:1;float:left;font-size:32px;box-shadow:none;display:inline-block;font-size:16px;padding:0 4px;vertical-align:middle;background-repeat:repeat;overflow:hidden;padding:0;cursor:pointer;box-sizing:content-box\"><svg style=\"display:block;border-radius:999px;\" focusable=\"false\" aria-hidden=\"true\" xmlns=\"http:\/\/www.w3.org\/2000\/svg\" width=\"100%\" height=\"100%\" viewBox=\"-6 -5 40 40\"><path class=\"heateor_sss_svg_stroke heateor_sss_no_fill\" stroke=\"#fff\" stroke-width=\"2\" fill=\"none\" d=\"M 11.579798566743314 24.396926207859085 A 10 10 0 1 0 6.808479557110079 20.73576436351046\"><\/path><path d=\"M 7 19 l -1 6 l 6 -1\" class=\"heateor_sss_no_fill heateor_sss_svg_stroke\" stroke=\"#fff\" stroke-width=\"2\" fill=\"none\"><\/path><path d=\"M 10 10 q -1 8 8 11 c 5 -1 0 -6 -1 -3 q -4 -3 -5 -5 c 4 -2 -1 -5 -1 -4\" fill=\"#fff\"><\/path><\/svg><\/span><\/a><a aria-label=\"Email\" class=\"heateor_sss_email\" href=\"https:\/\/fpintensivaib.com\/es\/las-jornadas-de-orientacion-acercan-la-fp-dual-intensiva-a-508-estudiantes\/\" onclick=\"event.preventDefault();window.open('mailto:?subject=' + decodeURIComponent('Las%20jornadas%20de%20orientaci%C3%B3n%20acercan%20la%20FP%20Dual%20Intensiva%20a%20508%20estudiantes').replace('&', '%26') + '&body=https%3A%2F%2Ffpintensivaib.com%2Fes%2Flas-jornadas-de-orientacion-acercan-la-fp-dual-intensiva-a-508-estudiantes%2F', '_blank')\" title=\"Email\" rel=\"noopener\" style=\"font-size:32px!important;box-shadow:none;display:inline-block;vertical-align:middle\"><span class=\"heateor_sss_svg\" style=\"background-color:#649a3f;width:35px;height:35px;border-radius:999px;display:inline-block;opacity:1;float:left;font-size:32px;box-shadow:none;display:inline-block;font-size:16px;padding:0 4px;vertical-align:middle;background-repeat:repeat;overflow:hidden;padding:0;cursor:pointer;box-sizing:content-box\"><svg style=\"display:block;border-radius:999px;\" focusable=\"false\" aria-hidden=\"true\" xmlns=\"http:\/\/www.w3.org\/2000\/svg\" width=\"100%\" height=\"100%\" viewBox=\"-.75 -.5 36 36\"><path d=\"M 5.5 11 h 23 v 1 l -11 6 l -11 -6 v -1 m 0 2 l 11 6 l 11 -6 v 11 h -22 v -11\" stroke-width=\"1\" fill=\"#fff\"><\/path><\/svg><\/span><\/a><a class=\"heateor_sss_more\" aria-label=\"More\" title=\"More\" rel=\"nofollow noopener\" style=\"font-size: 32px!important;border:0;box-shadow:none;display:inline-block!important;font-size:16px;padding:0 4px;vertical-align: middle;display:inline;\" href=\"https:\/\/fpintensivaib.com\/es\/las-jornadas-de-orientacion-acercan-la-fp-dual-intensiva-a-508-estudiantes\/\" onclick=\"event.preventDefault()\"><span class=\"heateor_sss_svg\" style=\"background-color:#ee8e2d;width:35px;height:35px;border-radius:999px;display:inline-block!important;opacity:1;float:left;font-size:32px!important;box-shadow:none;display:inline-block;font-size:16px;padding:0 4px;vertical-align:middle;display:inline;background-repeat:repeat;overflow:hidden;padding:0;cursor:pointer;box-sizing:content-box;\" onclick=\"heateorSssMoreSharingPopup(this, 'https:\/\/fpintensivaib.com\/es\/las-jornadas-de-orientacion-acercan-la-fp-dual-intensiva-a-508-estudiantes\/', 'Las%20jornadas%20de%20orientaci%C3%B3n%20acercan%20la%20FP%20Dual%20Intensiva%20a%20508%20estudiantes', '' )\"><svg xmlns=\"http:\/\/www.w3.org\/2000\/svg\" xmlns:xlink=\"http:\/\/www.w3.org\/1999\/xlink\" viewBox=\"-.3 0 32 32\" version=\"1.1\" width=\"100%\" height=\"100%\" style=\"display:block;border-radius:999px;\" xml:space=\"preserve\"><g><path fill=\"#fff\" d=\"M18 14V8h-4v6H8v4h6v6h4v-6h6v-4h-6z\" fill-rule=\"evenodd\"><\/path><\/g><\/svg><\/span><\/a><\/div><div class=\"heateorSssClear\"><\/div><\/div><div class='heateorSssClear'><\/div>","protected":false},"author":6,"featured_media":7524,"comment_status":"closed","ping_status":"closed","sticky":false,"template":"","format":"standard","meta":[],"categories":[32,17],"tags":[],"_links":{"self":[{"href":"https:\/\/fpintensivaib.com\/es\/wp-json\/wp\/v2\/posts\/7528"}],"collection":[{"href":"https:\/\/fpintensivaib.com\/es\/wp-json\/wp\/v2\/posts"}],"about":[{"href":"https:\/\/fpintensivaib.com\/es\/wp-json\/wp\/v2\/types\/post"}],"author":[{"embeddable":true,"href":"https:\/\/fpintensivaib.com\/es\/wp-json\/wp\/v2\/users\/6"}],"replies":[{"embeddable":true,"href":"https:\/\/fpintensivaib.com\/es\/wp-json\/wp\/v2\/comments?post=7528"}],"version-history":[{"count":0,"href":"https:\/\/fpintensivaib.com\/es\/wp-json\/wp\/v2\/posts\/7528\/revisions"}],"wp:featuredmedia":[{"embeddable":true,"href":"https:\/\/fpintensivaib.com\/es\/wp-json\/wp\/v2\/media\/7524"}],"wp:attachment":[{"href":"https:\/\/fpintensivaib.com\/es\/wp-json\/wp\/v2\/media?parent=7528"}],"wp:term":[{"taxonomy":"category","embeddable":true,"href":"https:\/\/fpintensivaib.com\/es\/wp-json\/wp\/v2\/categories?post=7528"},{"taxonomy":"post_tag","embeddable":true,"href":"https:\/\/fpintensivaib.com\/es\/wp-json\/wp\/v2\/tags?post=7528"}],"curies":[{"name":"wp","href":"https:\/\/api.w.org\/{rel}","templated":true}]}}